{"id":2046,"date":"2026-07-29T08:57:22","date_gmt":"2026-07-29T08:57:22","guid":{"rendered":"https:\/\/www.chargeur-batterie.com\/blog\/?p=2046"},"modified":"2026-07-29T08:57:22","modified_gmt":"2026-07-29T08:57:22","slug":"lenovo-thinkpad-t14s-gen-7-disponible-en-france-faut-il-craquer-pour-ce-portable-arm-ultra-leger","status":"publish","type":"post","link":"https:\/\/www.chargeur-batterie.com\/blog\/2026\/07\/29\/lenovo-thinkpad-t14s-gen-7-disponible-en-france-faut-il-craquer-pour-ce-portable-arm-ultra-leger\/","title":{"rendered":"Lenovo ThinkPad T14s Gen 7 disponible en France : Faut-il craquer pour ce portable ARM ultra-l\u00e9ger ?"},"content":{"rendered":"\n<p class=\"wp-block-paragraph\"><a href=\"https:\/\/www.chargeur-batterie.com\/Search\/index.html?keyword=Lenovo\">Lenovo<\/a>&nbsp;a commercialis\u00e9 le ThinkPad T14s Gen 7 dans le monde entier. Cet ultrabook fond\u00e9 sur l&#8217;architecture ARM affiche un poids plume de seulement 1,19 kg. En France, son prix de d\u00e9part s&#8217;\u00e9l\u00e8ve \u00e0 2 029 \u20ac (TTC), contre 1 719 $ aux \u00c9tats-Unis. Cet ordinateur portable embarque la toute derni\u00e8re puce Snapdragon X2 de Qualcomm et dispose de la certification Copilot+, d\u00e9bloquant ainsi toute une s\u00e9rie de fonctionnalit\u00e9s d&#8217;intelligence artificielle sous Windows destin\u00e9es aux professionnels.<\/p>\n\n\n\n<figure class=\"wp-block-image size-large\"><img loading=\"lazy\" decoding=\"async\" width=\"1024\" height=\"768\" src=\"https:\/\/www.chargeur-batterie.com\/blog\/wp-content\/uploads\/2026\/07\/Lenovo-ThinkPad-T14s-Gen-7-1024x768.jpg\" alt=\"\" class=\"wp-image-2047\" srcset=\"https:\/\/www.chargeur-batterie.com\/blog\/wp-content\/uploads\/2026\/07\/Lenovo-ThinkPad-T14s-Gen-7-1024x768.jpg 1024w, https:\/\/www.chargeur-batterie.com\/blog\/wp-content\/uploads\/2026\/07\/Lenovo-ThinkPad-T14s-Gen-7-300x225.jpg 300w, https:\/\/www.chargeur-batterie.com\/blog\/wp-content\/uploads\/2026\/07\/Lenovo-ThinkPad-T14s-Gen-7-768x576.jpg 768w, https:\/\/www.chargeur-batterie.com\/blog\/wp-content\/uploads\/2026\/07\/Lenovo-ThinkPad-T14s-Gen-7-1536x1152.jpg 1536w, https:\/\/www.chargeur-batterie.com\/blog\/wp-content\/uploads\/2026\/07\/Lenovo-ThinkPad-T14s-Gen-7-2048x1536.jpg 2048w\" sizes=\"auto, (max-width: 1024px) 100vw, 1024px\" \/><\/figure>\n\n\n\n<h3 class=\"wp-block-heading\">Choix du processeur<\/h3>\n\n\n\n<p class=\"wp-block-paragraph\">Deux options de processeurs sont propos\u00e9es : le Snapdragon X2 Plus (X2P-42-100) et le Snapdragon X2 Elite (X2E-80-100), plus puissant. Il convient toutefois de remarquer que les tests comparatifs ne r\u00e9v\u00e8lent qu&#8217;un \u00e9cart de performance de 20 % environ entre les deux. Pour la plupart des utilisateurs, la version Plus, plus abordable, repr\u00e9sente donc sans doute le choix le plus judicieux.<\/p>\n\n\n\n<p class=\"wp-block-paragraph\">Les deux d\u00e9clinaisons prennent en charge jusqu&#8217;\u00e0 32 Go de m\u00e9moire vive LPDDR5X-9600 et un SSD M.2 2242. Concernant la connectivit\u00e9, le Wi-Fi 7 est de la partie, tandis que la batterie de 58 Wh offre une autonomie suffisante pour couvrir une journ\u00e9e compl\u00e8te d&#8217;utilisation.<\/p>\n\n\n\n<h3 class=\"wp-block-heading\">\u00c9cran et tarifs<\/h3>\n\n\n\n<p class=\"wp-block-paragraph\">La dalle IPS de 14 pouces propose une d\u00e9finition de 1920 \u00d7 1200 pixels et un taux de rafra\u00eechissement de 60 Hz. Deux variantes sont disponibles : un \u00e9cran tactile d&#8217;une luminosit\u00e9 de 400 nits couvrant 45 % de l&#8217;espace colorim\u00e9trique NTSC, et un \u00e9cran non tactile de 500 nits couvrant l&#8217;int\u00e9gralit\u00e9 du spectre sRGB, ce dernier offrant une fid\u00e9lit\u00e9 des couleurs nettement sup\u00e9rieure. \u00c0 la diff\u00e9rence de la version \u00e9quip\u00e9e d&#8217;un processeur AMD de 7e g\u00e9n\u00e9ration, ce mod\u00e8le sous Snapdragon ne prend pas en charge la 5G.<\/p>\n\n\n\n<p class=\"wp-block-paragraph\">En France, la version d&#8217;entr\u00e9e de gamme (X2 Plus, 16 Go de RAM, SSD de 256 Go) est vendue au tarif de 2 029 \u20ac. La configuration embarquant le X2 Elite avec 32 Go de RAM d\u00e9bute quant \u00e0 elle \u00e0 2 669 \u20ac.<\/p>\n\n\n\n<h3 class=\"wp-block-heading\">En vaut-il la peine ?<\/h3>\n\n\n\n<p class=\"wp-block-paragraph\">Pour les personnes r\u00e9guli\u00e8rement en d\u00e9placement, le poids de 1,19 kg du&nbsp;<a href=\"https:\/\/wordhtml.com\/ThinkPad\">ThinkPad<\/a>&nbsp;T14s Gen 7 constitue un v\u00e9ritable atout. De plus, sa conception sans ventilateur alli\u00e9e \u00e0 l&#8217;efficacit\u00e9 \u00e9nerg\u00e9tique de l&#8217;architecture ARM en fait un appareil particuli\u00e8rement silencieux et tr\u00e8s bien refroidi.<\/p>\n","protected":false},"excerpt":{"rendered":"<p>Lenovo&nbsp;a commercialis\u00e9 le ThinkPad T14s Gen 7 dans le monde entier. Cet ultrabook fond\u00e9 sur l&#8217;architecture ARM affiche un poids plume de seulement 1,19 kg. En France, son prix de d\u00e9part s&#8217;\u00e9l\u00e8ve \u00e0 2 029 \u20ac (TTC), contre 1 719 $ aux \u00c9tats-Unis. Cet ordinateur portable embarque la toute derni\u00e8re puce Snapdragon X2 de Qualcomm &hellip; <a href=\"https:\/\/www.chargeur-batterie.com\/blog\/2026\/07\/29\/lenovo-thinkpad-t14s-gen-7-disponible-en-france-faut-il-craquer-pour-ce-portable-arm-ultra-leger\/\" class=\"more-link\">Continue reading <span class=\"screen-reader-text\">Lenovo ThinkPad T14s Gen 7 disponible en France : Faut-il craquer pour ce portable ARM ultra-l\u00e9ger ?<\/span><\/a><\/p>\n","protected":false},"author":1,"featured_media":0,"comment_status":"open","ping_status":"open","sticky":false,"template":"","format":"standard","meta":{"footnotes":""},"categories":[4],"tags":[49,229],"class_list":["post-2046","post","type-post","status-publish","format-standard","hentry","category-actus","tag-lenovo","tag-lenovo-thinkpad-t14s-gen-7"],"yoast_head":"<!-- This site is optimized with the Yoast SEO plugin v28.4 - https:\/\/yoast.com\/product\/yoast-seo-wordpress\/ -->\n<title>Lenovo ThinkPad T14s Gen 7 disponible en France : Faut-il craquer pour ce portable ARM ultra-l\u00e9ger ? - Chargeur Batterie Blog<\/title>\n<meta name=\"robots\" content=\"index, follow, max-snippet:-1, max-image-preview:large, max-video-preview:-1\" \/>\n<link rel=\"canonical\" href=\"https:\/\/www.chargeur-batterie.com\/blog\/2026\/07\/29\/lenovo-thinkpad-t14s-gen-7-disponible-en-france-faut-il-craquer-pour-ce-portable-arm-ultra-leger\/\" \/>\n<meta property=\"og:locale\" content=\"en_US\" \/>\n<meta property=\"og:type\" content=\"article\" \/>\n<meta property=\"og:title\" content=\"Lenovo ThinkPad T14s Gen 7 disponible en France : Faut-il craquer pour ce portable ARM ultra-l\u00e9ger ? - Chargeur Batterie Blog\" \/>\n<meta property=\"og:description\" content=\"Lenovo&nbsp;a commercialis\u00e9 le ThinkPad T14s Gen 7 dans le monde entier. Cet ultrabook fond\u00e9 sur l&#8217;architecture ARM affiche un poids plume de seulement 1,19 kg. En France, son prix de d\u00e9part s&#8217;\u00e9l\u00e8ve \u00e0 2 029 \u20ac (TTC), contre 1 719 $ aux \u00c9tats-Unis. Cet ordinateur portable embarque la toute derni\u00e8re puce Snapdragon X2 de Qualcomm &hellip; Continue reading Lenovo ThinkPad T14s Gen 7 disponible en France : Faut-il craquer pour ce portable ARM ultra-l\u00e9ger ?\" \/>\n<meta property=\"og:url\" content=\"https:\/\/www.chargeur-batterie.com\/blog\/2026\/07\/29\/lenovo-thinkpad-t14s-gen-7-disponible-en-france-faut-il-craquer-pour-ce-portable-arm-ultra-leger\/\" \/>\n<meta property=\"og:site_name\" content=\"Chargeur Batterie Blog\" \/>\n<meta property=\"article:published_time\" content=\"2026-07-29T08:57:22+00:00\" \/>\n<meta property=\"og:image\" content=\"https:\/\/www.chargeur-batterie.com\/blog\/wp-content\/uploads\/2026\/07\/Lenovo-ThinkPad-T14s-Gen-7.jpg\" \/>\n\t<meta property=\"og:image:width\" content=\"2324\" \/>\n\t<meta property=\"og:image:height\" content=\"1743\" \/>\n\t<meta property=\"og:image:type\" content=\"image\/jpeg\" \/>\n<meta name=\"author\" content=\"admin\" \/>\n<meta name=\"twitter:card\" content=\"summary_large_image\" \/>\n<meta name=\"twitter:label1\" content=\"Written by\" \/>\n\t<meta name=\"twitter:data1\" content=\"admin\" \/>\n\t<meta name=\"twitter:label2\" content=\"Est. reading time\" \/>\n\t<meta name=\"twitter:data2\" content=\"2 minutes\" \/>\n<script type=\"application\/ld+json\" class=\"yoast-schema-graph\">{\"@context\":\"https:\\\/\\\/schema.org\",\"@graph\":[{\"@type\":\"Article\",\"@id\":\"https:\\\/\\\/www.chargeur-batterie.com\\\/blog\\\/2026\\\/07\\\/29\\\/lenovo-thinkpad-t14s-gen-7-disponible-en-france-faut-il-craquer-pour-ce-portable-arm-ultra-leger\\\/#article\",\"isPartOf\":{\"@id\":\"https:\\\/\\\/www.chargeur-batterie.com\\\/blog\\\/2026\\\/07\\\/29\\\/lenovo-thinkpad-t14s-gen-7-disponible-en-france-faut-il-craquer-pour-ce-portable-arm-ultra-leger\\\/\"},\"author\":{\"name\":\"admin\",\"@id\":\"https:\\\/\\\/www.chargeur-batterie.com\\\/blog\\\/#\\\/schema\\\/person\\\/5cd01f1fce8d370afa9fa6e3de64c4bb\"},\"headline\":\"Lenovo ThinkPad T14s Gen 7 disponible en France : Faut-il craquer pour ce portable ARM ultra-l\u00e9ger ?\",\"datePublished\":\"2026-07-29T08:57:22+00:00\",\"mainEntityOfPage\":{\"@id\":\"https:\\\/\\\/www.chargeur-batterie.com\\\/blog\\\/2026\\\/07\\\/29\\\/lenovo-thinkpad-t14s-gen-7-disponible-en-france-faut-il-craquer-pour-ce-portable-arm-ultra-leger\\\/\"},\"wordCount\":389,\"commentCount\":0,\"image\":{\"@id\":\"https:\\\/\\\/www.chargeur-batterie.com\\\/blog\\\/2026\\\/07\\\/29\\\/lenovo-thinkpad-t14s-gen-7-disponible-en-france-faut-il-craquer-pour-ce-portable-arm-ultra-leger\\\/#primaryimage\"},\"thumbnailUrl\":\"https:\\\/\\\/www.chargeur-batterie.com\\\/blog\\\/wp-content\\\/uploads\\\/2026\\\/07\\\/Lenovo-ThinkPad-T14s-Gen-7-1024x768.jpg\",\"keywords\":[\"Lenovo\",\"Lenovo ThinkPad T14s Gen 7\"],\"articleSection\":[\"Actus\"],\"inLanguage\":\"en-US\",\"potentialAction\":[{\"@type\":\"CommentAction\",\"name\":\"Comment\",\"target\":[\"https:\\\/\\\/www.chargeur-batterie.com\\\/blog\\\/2026\\\/07\\\/29\\\/lenovo-thinkpad-t14s-gen-7-disponible-en-france-faut-il-craquer-pour-ce-portable-arm-ultra-leger\\\/#respond\"]}]},{\"@type\":\"WebPage\",\"@id\":\"https:\\\/\\\/www.chargeur-batterie.com\\\/blog\\\/2026\\\/07\\\/29\\\/lenovo-thinkpad-t14s-gen-7-disponible-en-france-faut-il-craquer-pour-ce-portable-arm-ultra-leger\\\/\",\"url\":\"https:\\\/\\\/www.chargeur-batterie.com\\\/blog\\\/2026\\\/07\\\/29\\\/lenovo-thinkpad-t14s-gen-7-disponible-en-france-faut-il-craquer-pour-ce-portable-arm-ultra-leger\\\/\",\"name\":\"Lenovo ThinkPad T14s Gen 7 disponible en France : Faut-il craquer pour ce portable ARM ultra-l\u00e9ger ? - Chargeur Batterie Blog\",\"isPartOf\":{\"@id\":\"https:\\\/\\\/www.chargeur-batterie.com\\\/blog\\\/#website\"},\"primaryImageOfPage\":{\"@id\":\"https:\\\/\\\/www.chargeur-batterie.com\\\/blog\\\/2026\\\/07\\\/29\\\/lenovo-thinkpad-t14s-gen-7-disponible-en-france-faut-il-craquer-pour-ce-portable-arm-ultra-leger\\\/#primaryimage\"},\"image\":{\"@id\":\"https:\\\/\\\/www.chargeur-batterie.com\\\/blog\\\/2026\\\/07\\\/29\\\/lenovo-thinkpad-t14s-gen-7-disponible-en-france-faut-il-craquer-pour-ce-portable-arm-ultra-leger\\\/#primaryimage\"},\"thumbnailUrl\":\"https:\\\/\\\/www.chargeur-batterie.com\\\/blog\\\/wp-content\\\/uploads\\\/2026\\\/07\\\/Lenovo-ThinkPad-T14s-Gen-7-1024x768.jpg\",\"datePublished\":\"2026-07-29T08:57:22+00:00\",\"author\":{\"@id\":\"https:\\\/\\\/www.chargeur-batterie.com\\\/blog\\\/#\\\/schema\\\/person\\\/5cd01f1fce8d370afa9fa6e3de64c4bb\"},\"breadcrumb\":{\"@id\":\"https:\\\/\\\/www.chargeur-batterie.com\\\/blog\\\/2026\\\/07\\\/29\\\/lenovo-thinkpad-t14s-gen-7-disponible-en-france-faut-il-craquer-pour-ce-portable-arm-ultra-leger\\\/#breadcrumb\"},\"inLanguage\":\"en-US\",\"potentialAction\":[{\"@type\":\"ReadAction\",\"target\":[\"https:\\\/\\\/www.chargeur-batterie.com\\\/blog\\\/2026\\\/07\\\/29\\\/lenovo-thinkpad-t14s-gen-7-disponible-en-france-faut-il-craquer-pour-ce-portable-arm-ultra-leger\\\/\"]}]},{\"@type\":\"ImageObject\",\"inLanguage\":\"en-US\",\"@id\":\"https:\\\/\\\/www.chargeur-batterie.com\\\/blog\\\/2026\\\/07\\\/29\\\/lenovo-thinkpad-t14s-gen-7-disponible-en-france-faut-il-craquer-pour-ce-portable-arm-ultra-leger\\\/#primaryimage\",\"url\":\"https:\\\/\\\/www.chargeur-batterie.com\\\/blog\\\/wp-content\\\/uploads\\\/2026\\\/07\\\/Lenovo-ThinkPad-T14s-Gen-7.jpg\",\"contentUrl\":\"https:\\\/\\\/www.chargeur-batterie.com\\\/blog\\\/wp-content\\\/uploads\\\/2026\\\/07\\\/Lenovo-ThinkPad-T14s-Gen-7.jpg\",\"width\":2324,\"height\":1743},{\"@type\":\"BreadcrumbList\",\"@id\":\"https:\\\/\\\/www.chargeur-batterie.com\\\/blog\\\/2026\\\/07\\\/29\\\/lenovo-thinkpad-t14s-gen-7-disponible-en-france-faut-il-craquer-pour-ce-portable-arm-ultra-leger\\\/#breadcrumb\",\"itemListElement\":[{\"@type\":\"ListItem\",\"position\":1,\"name\":\"Home\",\"item\":\"https:\\\/\\\/www.chargeur-batterie.com\\\/blog\\\/\"},{\"@type\":\"ListItem\",\"position\":2,\"name\":\"Lenovo ThinkPad T14s Gen 7 disponible en France : Faut-il craquer pour ce portable ARM ultra-l\u00e9ger ?\"}]},{\"@type\":\"WebSite\",\"@id\":\"https:\\\/\\\/www.chargeur-batterie.com\\\/blog\\\/#website\",\"url\":\"https:\\\/\\\/www.chargeur-batterie.com\\\/blog\\\/\",\"name\":\"Chargeur Batterie Blog\",\"description\":\"Vous pouvez choisir une vari\u00e9t\u00e9 de batteries et d\u2019adaptateurs!\",\"potentialAction\":[{\"@type\":\"SearchAction\",\"target\":{\"@type\":\"EntryPoint\",\"urlTemplate\":\"https:\\\/\\\/www.chargeur-batterie.com\\\/blog\\\/?s={search_term_string}\"},\"query-input\":{\"@type\":\"PropertyValueSpecification\",\"valueRequired\":true,\"valueName\":\"search_term_string\"}}],\"inLanguage\":\"en-US\"},{\"@type\":\"Person\",\"@id\":\"https:\\\/\\\/www.chargeur-batterie.com\\\/blog\\\/#\\\/schema\\\/person\\\/5cd01f1fce8d370afa9fa6e3de64c4bb\",\"name\":\"admin\",\"image\":{\"@type\":\"ImageObject\",\"inLanguage\":\"en-US\",\"@id\":\"https:\\\/\\\/secure.gravatar.com\\\/avatar\\\/b2d18ba271bc906b5670535d59bd82d4d6bdb7247dad0305d8110e17099dfcfb?s=96&d=mm&r=g\",\"url\":\"https:\\\/\\\/secure.gravatar.com\\\/avatar\\\/b2d18ba271bc906b5670535d59bd82d4d6bdb7247dad0305d8110e17099dfcfb?s=96&d=mm&r=g\",\"contentUrl\":\"https:\\\/\\\/secure.gravatar.com\\\/avatar\\\/b2d18ba271bc906b5670535d59bd82d4d6bdb7247dad0305d8110e17099dfcfb?s=96&d=mm&r=g\",\"caption\":\"admin\"},\"sameAs\":[\"https:\\\/\\\/www.chargeur-batterie.com\\\/blog\"],\"url\":\"https:\\\/\\\/www.chargeur-batterie.com\\\/blog\\\/author\\\/admin\\\/\"}]}<\/script>\n<!-- \/ Yoast SEO plugin. -->","yoast_head_json":{"title":"Lenovo ThinkPad T14s Gen 7 disponible en France : Faut-il craquer pour ce portable ARM ultra-l\u00e9ger ? - Chargeur Batterie Blog","robots":{"index":"index","follow":"follow","max-snippet":"max-snippet:-1","max-image-preview":"max-image-preview:large","max-video-preview":"max-video-preview:-1"},"canonical":"https:\/\/www.chargeur-batterie.com\/blog\/2026\/07\/29\/lenovo-thinkpad-t14s-gen-7-disponible-en-france-faut-il-craquer-pour-ce-portable-arm-ultra-leger\/","og_locale":"en_US","og_type":"article","og_title":"Lenovo ThinkPad T14s Gen 7 disponible en France : Faut-il craquer pour ce portable ARM ultra-l\u00e9ger ? - Chargeur Batterie Blog","og_description":"Lenovo&nbsp;a commercialis\u00e9 le ThinkPad T14s Gen 7 dans le monde entier. Cet ultrabook fond\u00e9 sur l&#8217;architecture ARM affiche un poids plume de seulement 1,19 kg. En France, son prix de d\u00e9part s&#8217;\u00e9l\u00e8ve \u00e0 2 029 \u20ac (TTC), contre 1 719 $ aux \u00c9tats-Unis. Cet ordinateur portable embarque la toute derni\u00e8re puce Snapdragon X2 de Qualcomm &hellip; Continue reading Lenovo ThinkPad T14s Gen 7 disponible en France : Faut-il craquer pour ce portable ARM ultra-l\u00e9ger ?","og_url":"https:\/\/www.chargeur-batterie.com\/blog\/2026\/07\/29\/lenovo-thinkpad-t14s-gen-7-disponible-en-france-faut-il-craquer-pour-ce-portable-arm-ultra-leger\/","og_site_name":"Chargeur Batterie Blog","article_published_time":"2026-07-29T08:57:22+00:00","og_image":[{"width":2324,"height":1743,"url":"https:\/\/www.chargeur-batterie.com\/blog\/wp-content\/uploads\/2026\/07\/Lenovo-ThinkPad-T14s-Gen-7.jpg","type":"image\/jpeg"}],"author":"admin","twitter_card":"summary_large_image","twitter_misc":{"Written by":"admin","Est. reading time":"2 minutes"},"schema":{"@context":"https:\/\/schema.org","@graph":[{"@type":"Article","@id":"https:\/\/www.chargeur-batterie.com\/blog\/2026\/07\/29\/lenovo-thinkpad-t14s-gen-7-disponible-en-france-faut-il-craquer-pour-ce-portable-arm-ultra-leger\/#article","isPartOf":{"@id":"https:\/\/www.chargeur-batterie.com\/blog\/2026\/07\/29\/lenovo-thinkpad-t14s-gen-7-disponible-en-france-faut-il-craquer-pour-ce-portable-arm-ultra-leger\/"},"author":{"name":"admin","@id":"https:\/\/www.chargeur-batterie.com\/blog\/#\/schema\/person\/5cd01f1fce8d370afa9fa6e3de64c4bb"},"headline":"Lenovo ThinkPad T14s Gen 7 disponible en France : Faut-il craquer pour ce portable ARM ultra-l\u00e9ger ?","datePublished":"2026-07-29T08:57:22+00:00","mainEntityOfPage":{"@id":"https:\/\/www.chargeur-batterie.com\/blog\/2026\/07\/29\/lenovo-thinkpad-t14s-gen-7-disponible-en-france-faut-il-craquer-pour-ce-portable-arm-ultra-leger\/"},"wordCount":389,"commentCount":0,"image":{"@id":"https:\/\/www.chargeur-batterie.com\/blog\/2026\/07\/29\/lenovo-thinkpad-t14s-gen-7-disponible-en-france-faut-il-craquer-pour-ce-portable-arm-ultra-leger\/#primaryimage"},"thumbnailUrl":"https:\/\/www.chargeur-batterie.com\/blog\/wp-content\/uploads\/2026\/07\/Lenovo-ThinkPad-T14s-Gen-7-1024x768.jpg","keywords":["Lenovo","Lenovo ThinkPad T14s Gen 7"],"articleSection":["Actus"],"inLanguage":"en-US","potentialAction":[{"@type":"CommentAction","name":"Comment","target":["https:\/\/www.chargeur-batterie.com\/blog\/2026\/07\/29\/lenovo-thinkpad-t14s-gen-7-disponible-en-france-faut-il-craquer-pour-ce-portable-arm-ultra-leger\/#respond"]}]},{"@type":"WebPage","@id":"https:\/\/www.chargeur-batterie.com\/blog\/2026\/07\/29\/lenovo-thinkpad-t14s-gen-7-disponible-en-france-faut-il-craquer-pour-ce-portable-arm-ultra-leger\/","url":"https:\/\/www.chargeur-batterie.com\/blog\/2026\/07\/29\/lenovo-thinkpad-t14s-gen-7-disponible-en-france-faut-il-craquer-pour-ce-portable-arm-ultra-leger\/","name":"Lenovo ThinkPad T14s Gen 7 disponible en France : Faut-il craquer pour ce portable ARM ultra-l\u00e9ger ? - Chargeur Batterie Blog","isPartOf":{"@id":"https:\/\/www.chargeur-batterie.com\/blog\/#website"},"primaryImageOfPage":{"@id":"https:\/\/www.chargeur-batterie.com\/blog\/2026\/07\/29\/lenovo-thinkpad-t14s-gen-7-disponible-en-france-faut-il-craquer-pour-ce-portable-arm-ultra-leger\/#primaryimage"},"image":{"@id":"https:\/\/www.chargeur-batterie.com\/blog\/2026\/07\/29\/lenovo-thinkpad-t14s-gen-7-disponible-en-france-faut-il-craquer-pour-ce-portable-arm-ultra-leger\/#primaryimage"},"thumbnailUrl":"https:\/\/www.chargeur-batterie.com\/blog\/wp-content\/uploads\/2026\/07\/Lenovo-ThinkPad-T14s-Gen-7-1024x768.jpg","datePublished":"2026-07-29T08:57:22+00:00","author":{"@id":"https:\/\/www.chargeur-batterie.com\/blog\/#\/schema\/person\/5cd01f1fce8d370afa9fa6e3de64c4bb"},"breadcrumb":{"@id":"https:\/\/www.chargeur-batterie.com\/blog\/2026\/07\/29\/lenovo-thinkpad-t14s-gen-7-disponible-en-france-faut-il-craquer-pour-ce-portable-arm-ultra-leger\/#breadcrumb"},"inLanguage":"en-US","potentialAction":[{"@type":"ReadAction","target":["https:\/\/www.chargeur-batterie.com\/blog\/2026\/07\/29\/lenovo-thinkpad-t14s-gen-7-disponible-en-france-faut-il-craquer-pour-ce-portable-arm-ultra-leger\/"]}]},{"@type":"ImageObject","inLanguage":"en-US","@id":"https:\/\/www.chargeur-batterie.com\/blog\/2026\/07\/29\/lenovo-thinkpad-t14s-gen-7-disponible-en-france-faut-il-craquer-pour-ce-portable-arm-ultra-leger\/#primaryimage","url":"https:\/\/www.chargeur-batterie.com\/blog\/wp-content\/uploads\/2026\/07\/Lenovo-ThinkPad-T14s-Gen-7.jpg","contentUrl":"https:\/\/www.chargeur-batterie.com\/blog\/wp-content\/uploads\/2026\/07\/Lenovo-ThinkPad-T14s-Gen-7.jpg","width":2324,"height":1743},{"@type":"BreadcrumbList","@id":"https:\/\/www.chargeur-batterie.com\/blog\/2026\/07\/29\/lenovo-thinkpad-t14s-gen-7-disponible-en-france-faut-il-craquer-pour-ce-portable-arm-ultra-leger\/#breadcrumb","itemListElement":[{"@type":"ListItem","position":1,"name":"Home","item":"https:\/\/www.chargeur-batterie.com\/blog\/"},{"@type":"ListItem","position":2,"name":"Lenovo ThinkPad T14s Gen 7 disponible en France : Faut-il craquer pour ce portable ARM ultra-l\u00e9ger ?"}]},{"@type":"WebSite","@id":"https:\/\/www.chargeur-batterie.com\/blog\/#website","url":"https:\/\/www.chargeur-batterie.com\/blog\/","name":"Chargeur Batterie Blog","description":"Vous pouvez choisir une vari\u00e9t\u00e9 de batteries et d\u2019adaptateurs!","potentialAction":[{"@type":"SearchAction","target":{"@type":"EntryPoint","urlTemplate":"https:\/\/www.chargeur-batterie.com\/blog\/?s={search_term_string}"},"query-input":{"@type":"PropertyValueSpecification","valueRequired":true,"valueName":"search_term_string"}}],"inLanguage":"en-US"},{"@type":"Person","@id":"https:\/\/www.chargeur-batterie.com\/blog\/#\/schema\/person\/5cd01f1fce8d370afa9fa6e3de64c4bb","name":"admin","image":{"@type":"ImageObject","inLanguage":"en-US","@id":"https:\/\/secure.gravatar.com\/avatar\/b2d18ba271bc906b5670535d59bd82d4d6bdb7247dad0305d8110e17099dfcfb?s=96&d=mm&r=g","url":"https:\/\/secure.gravatar.com\/avatar\/b2d18ba271bc906b5670535d59bd82d4d6bdb7247dad0305d8110e17099dfcfb?s=96&d=mm&r=g","contentUrl":"https:\/\/secure.gravatar.com\/avatar\/b2d18ba271bc906b5670535d59bd82d4d6bdb7247dad0305d8110e17099dfcfb?s=96&d=mm&r=g","caption":"admin"},"sameAs":["https:\/\/www.chargeur-batterie.com\/blog"],"url":"https:\/\/www.chargeur-batterie.com\/blog\/author\/admin\/"}]}},"_links":{"self":[{"href":"https:\/\/www.chargeur-batterie.com\/blog\/wp-json\/wp\/v2\/posts\/2046","targetHints":{"allow":["GET"]}}],"collection":[{"href":"https:\/\/www.chargeur-batterie.com\/blog\/wp-json\/wp\/v2\/posts"}],"about":[{"href":"https:\/\/www.chargeur-batterie.com\/blog\/wp-json\/wp\/v2\/types\/post"}],"author":[{"embeddable":true,"href":"https:\/\/www.chargeur-batterie.com\/blog\/wp-json\/wp\/v2\/users\/1"}],"replies":[{"embeddable":true,"href":"https:\/\/www.chargeur-batterie.com\/blog\/wp-json\/wp\/v2\/comments?post=2046"}],"version-history":[{"count":1,"href":"https:\/\/www.chargeur-batterie.com\/blog\/wp-json\/wp\/v2\/posts\/2046\/revisions"}],"predecessor-version":[{"id":2048,"href":"https:\/\/www.chargeur-batterie.com\/blog\/wp-json\/wp\/v2\/posts\/2046\/revisions\/2048"}],"wp:attachment":[{"href":"https:\/\/www.chargeur-batterie.com\/blog\/wp-json\/wp\/v2\/media?parent=2046"}],"wp:term":[{"taxonomy":"category","embeddable":true,"href":"https:\/\/www.chargeur-batterie.com\/blog\/wp-json\/wp\/v2\/categories?post=2046"},{"taxonomy":"post_tag","embeddable":true,"href":"https:\/\/www.chargeur-batterie.com\/blog\/wp-json\/wp\/v2\/tags?post=2046"}],"curies":[{"name":"wp","href":"https:\/\/api.w.org\/{rel}","templated":true}]}}