{"id":2039,"date":"2026-07-27T09:13:18","date_gmt":"2026-07-27T09:13:18","guid":{"rendered":"https:\/\/www.chargeur-batterie.com\/blog\/?p=2039"},"modified":"2026-07-27T09:13:19","modified_gmt":"2026-07-27T09:13:19","slug":"leica-tl-vs-tl2-quelles-sont-les-vraies-differences-et-lequel-choisir","status":"publish","type":"post","link":"https:\/\/www.chargeur-batterie.com\/blog\/2026\/07\/27\/leica-tl-vs-tl2-quelles-sont-les-vraies-differences-et-lequel-choisir\/","title":{"rendered":"Leica TL vs TL2 : Quelles sont les vraies diff\u00e9rences et lequel choisir ?"},"content":{"rendered":"\n<p class=\"wp-block-paragraph\">Lorsque Leica a lanc\u00e9 le premier T, son bo\u00eetier en aluminium usin\u00e9, son immense \u00e9cran tactile et son esth\u00e9tique minimaliste l&#8217;ont rendu totalement unique sur le march\u00e9. Cependant, il donnait aussi l&#8217;impression d&#8217;\u00eatre un prototype ou un concept, comme s&#8217;il n&#8217;\u00e9tait pas encore tout \u00e0 fait abouti.<\/p>\n\n\n\n<figure class=\"wp-block-image size-large\"><img loading=\"lazy\" decoding=\"async\" width=\"1024\" height=\"768\" src=\"https:\/\/www.chargeur-batterie.com\/blog\/wp-content\/uploads\/2026\/07\/tl2-1024x768.jpg\" alt=\"\" class=\"wp-image-2040\" srcset=\"https:\/\/www.chargeur-batterie.com\/blog\/wp-content\/uploads\/2026\/07\/tl2-1024x768.jpg 1024w, https:\/\/www.chargeur-batterie.com\/blog\/wp-content\/uploads\/2026\/07\/tl2-300x225.jpg 300w, https:\/\/www.chargeur-batterie.com\/blog\/wp-content\/uploads\/2026\/07\/tl2-768x576.jpg 768w, https:\/\/www.chargeur-batterie.com\/blog\/wp-content\/uploads\/2026\/07\/tl2-1536x1152.jpg 1536w, https:\/\/www.chargeur-batterie.com\/blog\/wp-content\/uploads\/2026\/07\/tl2.jpg 1714w\" sizes=\"auto, (max-width: 1024px) 100vw, 1024px\" \/><\/figure>\n\n\n\n<p class=\"wp-block-paragraph\">Quelque temps plus tard, Leica a sorti le&nbsp;<a href=\"https:\/\/www.chargeur-batterie.com\/Output\/183210\/BP-DC13.html\">TL<\/a>, une mise \u00e0 niveau mineure qui n&#8217;apportait quasiment aucun changement en dehors de son nom. Ce n&#8217;est qu&#8217;avec la sortie du&nbsp;<a href=\"https:\/\/www.chargeur-batterie.com\/Output\/183210\/BP-DC13.html\">TL2<\/a>&nbsp;que les choses ont r\u00e9ellement \u00e9volu\u00e9. Sous un design tout aussi embl\u00e9matique, la m\u00e9canique interne est devenue totalement diff\u00e9rente.<\/p>\n\n\n\n<h2 class=\"wp-block-heading\">Trois am\u00e9liorations majeures<\/h2>\n\n\n\n<h3 class=\"wp-block-heading\">Capteur : 16 m\u00e9gapixels \u2192 24 m\u00e9gapixels<\/h3>\n\n\n\n<p class=\"wp-block-paragraph\">La diff\u00e9rence la plus \u00e9vidente r\u00e9side dans la r\u00e9solution. Le TL embarque un capteur CMOS APS-C de 16 m\u00e9gapixels, tandis que le TL2 passe \u00e0 un capteur CMOS APS-C de 24 m\u00e9gapixels. Les deux appareils partageant la m\u00eame taille de capteur, la gestion de la profondeur de champ reste strictement identique.<\/p>\n\n\n\n<p class=\"wp-block-paragraph\">Qu&#8217;est-ce que cela change sur le terrain ? Vous pouvez recadrer vos images plus librement et imprimer dans de plus grands formats sans sacrifier les d\u00e9tails.<\/p>\n\n\n\n<h3 class=\"wp-block-heading\">ISO : 12 500 \u2192 50 000<\/h3>\n\n\n\n<p class=\"wp-block-paragraph\">La sensibilit\u00e9 maximale du TL plafonne \u00e0 12 500 ISO, alors que celle du TL2 atteint 50 000 ISO. Cela repr\u00e9sente un gain de deux valeurs de sensibilit\u00e9. Si vous photographiez souvent en basse lumi\u00e8re, cet argument suffit \u00e0 lui seul \u00e0 justifier le choix du TL2.<\/p>\n\n\n\n<h3 class=\"wp-block-heading\">Processeur : Maestro \u2192 Maestro II<\/h3>\n\n\n\n<p class=\"wp-block-paragraph\">C&#8217;est ici que le TL2 surpasse v\u00e9ritablement son pr\u00e9d\u00e9cesseur. Le tout nouveau processeur d&#8217;image Maestro II offre une meilleure r\u00e9solution et une plage ISO plus \u00e9tendue, tout en m\u00e9tamorphosant l&#8217;exp\u00e9rience utilisateur.<\/p>\n\n\n\n<h2 class=\"wp-block-heading\">Performances : le jour et la nuit<\/h2>\n\n\n\n<p class=\"wp-block-paragraph\"><strong>Mise au point automatique :<\/strong>&nbsp;Le syst\u00e8me de mise au point automatique par d\u00e9tection de contraste du TL n&#8217;utilise que 9 points. Le TL2 passe quant \u00e0 lui \u00e0 49 points. La v\u00e9ritable prouesse r\u00e9side dans la vitesse. Leica affirme que la mise au point du TL2 prend environ 165 millisecondes, soit trois fois plus vite que le TL.<\/p>\n\n\n\n<p class=\"wp-block-paragraph\"><strong>Rafale :<\/strong>&nbsp;La cadence de tir du TL s&#8217;\u00e9l\u00e8ve \u00e0 5 images par seconde pour un maximum de 12 photos. Avec le TL2, en utilisant l&#8217;obturateur \u00e9lectronique \u00e0 la r\u00e9solution maximale de 24 m\u00e9gapixels, vous pouvez atteindre 20 images par seconde jusqu&#8217;\u00e0 29 photos.<\/p>\n\n\n\n<p class=\"wp-block-paragraph\"><strong>Obturateur \u00e9lectronique :<\/strong>&nbsp;Le TL s&#8217;appuie uniquement sur un obturateur m\u00e9canique plafonnant \u00e0 1\/4000 s. Le TL2 ajoute un obturateur \u00e9lectronique totalement silencieux grimpant jusqu&#8217;\u00e0 1\/40 000 s. Cela rend les prises de vue parfaitement insonores, ce qui s&#8217;av\u00e8re particuli\u00e8rement pratique pour la photo de rue ou les concerts.<\/p>\n\n\n\n<p class=\"wp-block-paragraph\"><strong>Vid\u00e9o :<\/strong>&nbsp;Le TL se limite \u00e0 des enregistrements en Full HD 1080p. Le TL2 monte en puissance avec de la 4K UHD \u00e0 30 ips, de la 1080p \u00e0 60 ips, et un mode ralenti en 720p allant jusqu&#8217;\u00e0 120 ips. Si la vid\u00e9o compte pour vous, le TL2 l&#8217;emporte haut la main.<\/p>\n\n\n\n<p class=\"wp-block-paragraph\"><strong>Connectivit\u00e9 :<\/strong>&nbsp;Le TL2 int\u00e8gre des options de connectivit\u00e9 modernes absentes sur le TL :<\/p>\n\n\n\n<ul class=\"wp-block-list\">\n<li>Port USB-C pour le transfert de donn\u00e9es et la recharge de la batterie directement dans l&#8217;appareil<\/li>\n\n\n\n<li>Sortie HDMI pour brancher un moniteur externe<\/li>\n\n\n\n<li>Prise en charge des cartes SD UHS-II<\/li>\n<\/ul>\n\n\n\n<h2 class=\"wp-block-heading\">Ce qui ne change pas<\/h2>\n\n\n\n<p class=\"wp-block-paragraph\">Malgr\u00e9 ses nombreuses am\u00e9liorations internes, le TL2 conserve les \u00e9l\u00e9ments classiques de la gamme TL. Leurs dimensions sont quasi identiques et leur poids est sensiblement le m\u00eame. On retrouve le ch\u00e2ssis unibody en aluminium embl\u00e9matique ainsi que l&#8217;\u00e9cran tactile fixe de 3,7 pouces. Aucun des deux appareils ne dispose d&#8217;un viseur \u00e9lectronique int\u00e9gr\u00e9 (il faut acqu\u00e9rir le viseur Visoflex en option) ni d&#8217;une stabilisation d&#8217;image int\u00e9gr\u00e9e au bo\u00eetier.<\/p>\n\n\n\n<h2 class=\"wp-block-heading\">En conclusion<\/h2>\n\n\n\n<p class=\"wp-block-paragraph\">Le&nbsp;<a href=\"https:\/\/www.chargeur-batterie.com\/Output\/183210\/BP-DC13.html\">Leica TL<\/a>&nbsp;\u00e9tait un bel appareil, mais il laissait un sentiment d&#8217;inachev\u00e9. Le TL2 correspond exactement \u00e0 ce que le TL aurait d\u00fb \u00eatre. Il conserve tous les atouts du TL (le design, la qualit\u00e9 de fabrication, l&#8217;exp\u00e9rience tactile) tout en lui offrant enfin les performances qu&#8217;il m\u00e9ritait.<\/p>\n\n\n\n<p class=\"wp-block-paragraph\">Si vous poss\u00e9dez d\u00e9j\u00e0 un TL, la mise \u00e0 niveau vers le&nbsp;<a href=\"https:\/\/www.chargeur-batterie.com\/Output\/183210\/BP-DC13.html\">TL2<\/a>&nbsp;en vaut-elle la peine ? Absolument, \u00e0 condition d&#8217;en avoir le budget. L&#8217;am\u00e9lioration du confort d&#8217;utilisation au quotidien est remarquable. S&#8217;il s&#8217;agit de votre premier achat, faites l&#8217;impasse sur le TL et optez directement pour le TL2.<\/p>\n","protected":false},"excerpt":{"rendered":"<p>Lorsque Leica a lanc\u00e9 le premier T, son bo\u00eetier en aluminium usin\u00e9, son immense \u00e9cran tactile et son esth\u00e9tique minimaliste l&#8217;ont rendu totalement unique sur le march\u00e9. Cependant, il donnait aussi l&#8217;impression d&#8217;\u00eatre un prototype ou un concept, comme s&#8217;il n&#8217;\u00e9tait pas encore tout \u00e0 fait abouti. Quelque temps plus tard, Leica a sorti le&nbsp;TL, &hellip; <a href=\"https:\/\/www.chargeur-batterie.com\/blog\/2026\/07\/27\/leica-tl-vs-tl2-quelles-sont-les-vraies-differences-et-lequel-choisir\/\" class=\"more-link\">Continue reading <span class=\"screen-reader-text\">Leica TL vs TL2 : Quelles sont les vraies diff\u00e9rences et lequel choisir ?<\/span><\/a><\/p>\n","protected":false},"author":1,"featured_media":0,"comment_status":"open","ping_status":"open","sticky":false,"template":"","format":"standard","meta":{"footnotes":""},"categories":[4,11],"tags":[226,227],"class_list":["post-2039","post","type-post","status-publish","format-standard","hentry","category-actus","category-batterie","tag-leica-tl","tag-leica-tl2"],"yoast_head":"<!-- This site is optimized with the Yoast SEO plugin v28.4 - https:\/\/yoast.com\/product\/yoast-seo-wordpress\/ -->\n<title>Leica TL vs TL2 : Quelles sont les vraies diff\u00e9rences et lequel choisir ? - Chargeur Batterie Blog<\/title>\n<meta name=\"robots\" content=\"index, follow, max-snippet:-1, max-image-preview:large, max-video-preview:-1\" \/>\n<link rel=\"canonical\" href=\"https:\/\/www.chargeur-batterie.com\/blog\/2026\/07\/27\/leica-tl-vs-tl2-quelles-sont-les-vraies-differences-et-lequel-choisir\/\" \/>\n<meta property=\"og:locale\" content=\"en_US\" \/>\n<meta property=\"og:type\" content=\"article\" \/>\n<meta property=\"og:title\" content=\"Leica TL vs TL2 : Quelles sont les vraies diff\u00e9rences et lequel choisir ? - Chargeur Batterie Blog\" \/>\n<meta property=\"og:description\" content=\"Lorsque Leica a lanc\u00e9 le premier T, son bo\u00eetier en aluminium usin\u00e9, son immense \u00e9cran tactile et son esth\u00e9tique minimaliste l&#8217;ont rendu totalement unique sur le march\u00e9. Cependant, il donnait aussi l&#8217;impression d&#8217;\u00eatre un prototype ou un concept, comme s&#8217;il n&#8217;\u00e9tait pas encore tout \u00e0 fait abouti. Quelque temps plus tard, Leica a sorti le&nbsp;TL, &hellip; Continue reading Leica TL vs TL2 : Quelles sont les vraies diff\u00e9rences et lequel choisir ?\" \/>\n<meta property=\"og:url\" content=\"https:\/\/www.chargeur-batterie.com\/blog\/2026\/07\/27\/leica-tl-vs-tl2-quelles-sont-les-vraies-differences-et-lequel-choisir\/\" \/>\n<meta property=\"og:site_name\" content=\"Chargeur Batterie Blog\" \/>\n<meta property=\"article:published_time\" content=\"2026-07-27T09:13:18+00:00\" \/>\n<meta property=\"article:modified_time\" content=\"2026-07-27T09:13:19+00:00\" \/>\n<meta property=\"og:image\" content=\"https:\/\/www.chargeur-batterie.com\/blog\/wp-content\/uploads\/2026\/07\/tl2.jpg\" \/>\n\t<meta property=\"og:image:width\" content=\"1714\" \/>\n\t<meta property=\"og:image:height\" content=\"1286\" \/>\n\t<meta property=\"og:image:type\" content=\"image\/jpeg\" \/>\n<meta name=\"author\" content=\"admin\" \/>\n<meta name=\"twitter:card\" content=\"summary_large_image\" \/>\n<meta name=\"twitter:label1\" content=\"Written by\" \/>\n\t<meta name=\"twitter:data1\" content=\"admin\" \/>\n\t<meta name=\"twitter:label2\" content=\"Est. reading time\" \/>\n\t<meta name=\"twitter:data2\" content=\"4 minutes\" \/>\n<script type=\"application\/ld+json\" class=\"yoast-schema-graph\">{\"@context\":\"https:\\\/\\\/schema.org\",\"@graph\":[{\"@type\":\"Article\",\"@id\":\"https:\\\/\\\/www.chargeur-batterie.com\\\/blog\\\/2026\\\/07\\\/27\\\/leica-tl-vs-tl2-quelles-sont-les-vraies-differences-et-lequel-choisir\\\/#article\",\"isPartOf\":{\"@id\":\"https:\\\/\\\/www.chargeur-batterie.com\\\/blog\\\/2026\\\/07\\\/27\\\/leica-tl-vs-tl2-quelles-sont-les-vraies-differences-et-lequel-choisir\\\/\"},\"author\":{\"name\":\"admin\",\"@id\":\"https:\\\/\\\/www.chargeur-batterie.com\\\/blog\\\/#\\\/schema\\\/person\\\/5cd01f1fce8d370afa9fa6e3de64c4bb\"},\"headline\":\"Leica TL vs TL2 : Quelles sont les vraies diff\u00e9rences et lequel choisir ?\",\"datePublished\":\"2026-07-27T09:13:18+00:00\",\"dateModified\":\"2026-07-27T09:13:19+00:00\",\"mainEntityOfPage\":{\"@id\":\"https:\\\/\\\/www.chargeur-batterie.com\\\/blog\\\/2026\\\/07\\\/27\\\/leica-tl-vs-tl2-quelles-sont-les-vraies-differences-et-lequel-choisir\\\/\"},\"wordCount\":730,\"commentCount\":0,\"image\":{\"@id\":\"https:\\\/\\\/www.chargeur-batterie.com\\\/blog\\\/2026\\\/07\\\/27\\\/leica-tl-vs-tl2-quelles-sont-les-vraies-differences-et-lequel-choisir\\\/#primaryimage\"},\"thumbnailUrl\":\"https:\\\/\\\/www.chargeur-batterie.com\\\/blog\\\/wp-content\\\/uploads\\\/2026\\\/07\\\/tl2-1024x768.jpg\",\"keywords\":[\"Leica TL\",\"Leica TL2\"],\"articleSection\":[\"Actus\",\"Batterie\"],\"inLanguage\":\"en-US\",\"potentialAction\":[{\"@type\":\"CommentAction\",\"name\":\"Comment\",\"target\":[\"https:\\\/\\\/www.chargeur-batterie.com\\\/blog\\\/2026\\\/07\\\/27\\\/leica-tl-vs-tl2-quelles-sont-les-vraies-differences-et-lequel-choisir\\\/#respond\"]}]},{\"@type\":\"WebPage\",\"@id\":\"https:\\\/\\\/www.chargeur-batterie.com\\\/blog\\\/2026\\\/07\\\/27\\\/leica-tl-vs-tl2-quelles-sont-les-vraies-differences-et-lequel-choisir\\\/\",\"url\":\"https:\\\/\\\/www.chargeur-batterie.com\\\/blog\\\/2026\\\/07\\\/27\\\/leica-tl-vs-tl2-quelles-sont-les-vraies-differences-et-lequel-choisir\\\/\",\"name\":\"Leica TL vs TL2 : Quelles sont les vraies diff\u00e9rences et lequel choisir ? - Chargeur Batterie Blog\",\"isPartOf\":{\"@id\":\"https:\\\/\\\/www.chargeur-batterie.com\\\/blog\\\/#website\"},\"primaryImageOfPage\":{\"@id\":\"https:\\\/\\\/www.chargeur-batterie.com\\\/blog\\\/2026\\\/07\\\/27\\\/leica-tl-vs-tl2-quelles-sont-les-vraies-differences-et-lequel-choisir\\\/#primaryimage\"},\"image\":{\"@id\":\"https:\\\/\\\/www.chargeur-batterie.com\\\/blog\\\/2026\\\/07\\\/27\\\/leica-tl-vs-tl2-quelles-sont-les-vraies-differences-et-lequel-choisir\\\/#primaryimage\"},\"thumbnailUrl\":\"https:\\\/\\\/www.chargeur-batterie.com\\\/blog\\\/wp-content\\\/uploads\\\/2026\\\/07\\\/tl2-1024x768.jpg\",\"datePublished\":\"2026-07-27T09:13:18+00:00\",\"dateModified\":\"2026-07-27T09:13:19+00:00\",\"author\":{\"@id\":\"https:\\\/\\\/www.chargeur-batterie.com\\\/blog\\\/#\\\/schema\\\/person\\\/5cd01f1fce8d370afa9fa6e3de64c4bb\"},\"breadcrumb\":{\"@id\":\"https:\\\/\\\/www.chargeur-batterie.com\\\/blog\\\/2026\\\/07\\\/27\\\/leica-tl-vs-tl2-quelles-sont-les-vraies-differences-et-lequel-choisir\\\/#breadcrumb\"},\"inLanguage\":\"en-US\",\"potentialAction\":[{\"@type\":\"ReadAction\",\"target\":[\"https:\\\/\\\/www.chargeur-batterie.com\\\/blog\\\/2026\\\/07\\\/27\\\/leica-tl-vs-tl2-quelles-sont-les-vraies-differences-et-lequel-choisir\\\/\"]}]},{\"@type\":\"ImageObject\",\"inLanguage\":\"en-US\",\"@id\":\"https:\\\/\\\/www.chargeur-batterie.com\\\/blog\\\/2026\\\/07\\\/27\\\/leica-tl-vs-tl2-quelles-sont-les-vraies-differences-et-lequel-choisir\\\/#primaryimage\",\"url\":\"https:\\\/\\\/www.chargeur-batterie.com\\\/blog\\\/wp-content\\\/uploads\\\/2026\\\/07\\\/tl2.jpg\",\"contentUrl\":\"https:\\\/\\\/www.chargeur-batterie.com\\\/blog\\\/wp-content\\\/uploads\\\/2026\\\/07\\\/tl2.jpg\",\"width\":1714,\"height\":1286},{\"@type\":\"BreadcrumbList\",\"@id\":\"https:\\\/\\\/www.chargeur-batterie.com\\\/blog\\\/2026\\\/07\\\/27\\\/leica-tl-vs-tl2-quelles-sont-les-vraies-differences-et-lequel-choisir\\\/#breadcrumb\",\"itemListElement\":[{\"@type\":\"ListItem\",\"position\":1,\"name\":\"Home\",\"item\":\"https:\\\/\\\/www.chargeur-batterie.com\\\/blog\\\/\"},{\"@type\":\"ListItem\",\"position\":2,\"name\":\"Leica TL vs TL2 : Quelles sont les vraies diff\u00e9rences et lequel choisir ?\"}]},{\"@type\":\"WebSite\",\"@id\":\"https:\\\/\\\/www.chargeur-batterie.com\\\/blog\\\/#website\",\"url\":\"https:\\\/\\\/www.chargeur-batterie.com\\\/blog\\\/\",\"name\":\"Chargeur Batterie Blog\",\"description\":\"Vous pouvez choisir une vari\u00e9t\u00e9 de batteries et d\u2019adaptateurs!\",\"potentialAction\":[{\"@type\":\"SearchAction\",\"target\":{\"@type\":\"EntryPoint\",\"urlTemplate\":\"https:\\\/\\\/www.chargeur-batterie.com\\\/blog\\\/?s={search_term_string}\"},\"query-input\":{\"@type\":\"PropertyValueSpecification\",\"valueRequired\":true,\"valueName\":\"search_term_string\"}}],\"inLanguage\":\"en-US\"},{\"@type\":\"Person\",\"@id\":\"https:\\\/\\\/www.chargeur-batterie.com\\\/blog\\\/#\\\/schema\\\/person\\\/5cd01f1fce8d370afa9fa6e3de64c4bb\",\"name\":\"admin\",\"image\":{\"@type\":\"ImageObject\",\"inLanguage\":\"en-US\",\"@id\":\"https:\\\/\\\/secure.gravatar.com\\\/avatar\\\/b2d18ba271bc906b5670535d59bd82d4d6bdb7247dad0305d8110e17099dfcfb?s=96&d=mm&r=g\",\"url\":\"https:\\\/\\\/secure.gravatar.com\\\/avatar\\\/b2d18ba271bc906b5670535d59bd82d4d6bdb7247dad0305d8110e17099dfcfb?s=96&d=mm&r=g\",\"contentUrl\":\"https:\\\/\\\/secure.gravatar.com\\\/avatar\\\/b2d18ba271bc906b5670535d59bd82d4d6bdb7247dad0305d8110e17099dfcfb?s=96&d=mm&r=g\",\"caption\":\"admin\"},\"sameAs\":[\"https:\\\/\\\/www.chargeur-batterie.com\\\/blog\"],\"url\":\"https:\\\/\\\/www.chargeur-batterie.com\\\/blog\\\/author\\\/admin\\\/\"}]}<\/script>\n<!-- \/ Yoast SEO plugin. -->","yoast_head_json":{"title":"Leica TL vs TL2 : Quelles sont les vraies diff\u00e9rences et lequel choisir ? - Chargeur Batterie Blog","robots":{"index":"index","follow":"follow","max-snippet":"max-snippet:-1","max-image-preview":"max-image-preview:large","max-video-preview":"max-video-preview:-1"},"canonical":"https:\/\/www.chargeur-batterie.com\/blog\/2026\/07\/27\/leica-tl-vs-tl2-quelles-sont-les-vraies-differences-et-lequel-choisir\/","og_locale":"en_US","og_type":"article","og_title":"Leica TL vs TL2 : Quelles sont les vraies diff\u00e9rences et lequel choisir ? - Chargeur Batterie Blog","og_description":"Lorsque Leica a lanc\u00e9 le premier T, son bo\u00eetier en aluminium usin\u00e9, son immense \u00e9cran tactile et son esth\u00e9tique minimaliste l&#8217;ont rendu totalement unique sur le march\u00e9. Cependant, il donnait aussi l&#8217;impression d&#8217;\u00eatre un prototype ou un concept, comme s&#8217;il n&#8217;\u00e9tait pas encore tout \u00e0 fait abouti. Quelque temps plus tard, Leica a sorti le&nbsp;TL, &hellip; Continue reading Leica TL vs TL2 : Quelles sont les vraies diff\u00e9rences et lequel choisir ?","og_url":"https:\/\/www.chargeur-batterie.com\/blog\/2026\/07\/27\/leica-tl-vs-tl2-quelles-sont-les-vraies-differences-et-lequel-choisir\/","og_site_name":"Chargeur Batterie Blog","article_published_time":"2026-07-27T09:13:18+00:00","article_modified_time":"2026-07-27T09:13:19+00:00","og_image":[{"width":1714,"height":1286,"url":"https:\/\/www.chargeur-batterie.com\/blog\/wp-content\/uploads\/2026\/07\/tl2.jpg","type":"image\/jpeg"}],"author":"admin","twitter_card":"summary_large_image","twitter_misc":{"Written by":"admin","Est. reading time":"4 minutes"},"schema":{"@context":"https:\/\/schema.org","@graph":[{"@type":"Article","@id":"https:\/\/www.chargeur-batterie.com\/blog\/2026\/07\/27\/leica-tl-vs-tl2-quelles-sont-les-vraies-differences-et-lequel-choisir\/#article","isPartOf":{"@id":"https:\/\/www.chargeur-batterie.com\/blog\/2026\/07\/27\/leica-tl-vs-tl2-quelles-sont-les-vraies-differences-et-lequel-choisir\/"},"author":{"name":"admin","@id":"https:\/\/www.chargeur-batterie.com\/blog\/#\/schema\/person\/5cd01f1fce8d370afa9fa6e3de64c4bb"},"headline":"Leica TL vs TL2 : Quelles sont les vraies diff\u00e9rences et lequel choisir ?","datePublished":"2026-07-27T09:13:18+00:00","dateModified":"2026-07-27T09:13:19+00:00","mainEntityOfPage":{"@id":"https:\/\/www.chargeur-batterie.com\/blog\/2026\/07\/27\/leica-tl-vs-tl2-quelles-sont-les-vraies-differences-et-lequel-choisir\/"},"wordCount":730,"commentCount":0,"image":{"@id":"https:\/\/www.chargeur-batterie.com\/blog\/2026\/07\/27\/leica-tl-vs-tl2-quelles-sont-les-vraies-differences-et-lequel-choisir\/#primaryimage"},"thumbnailUrl":"https:\/\/www.chargeur-batterie.com\/blog\/wp-content\/uploads\/2026\/07\/tl2-1024x768.jpg","keywords":["Leica TL","Leica TL2"],"articleSection":["Actus","Batterie"],"inLanguage":"en-US","potentialAction":[{"@type":"CommentAction","name":"Comment","target":["https:\/\/www.chargeur-batterie.com\/blog\/2026\/07\/27\/leica-tl-vs-tl2-quelles-sont-les-vraies-differences-et-lequel-choisir\/#respond"]}]},{"@type":"WebPage","@id":"https:\/\/www.chargeur-batterie.com\/blog\/2026\/07\/27\/leica-tl-vs-tl2-quelles-sont-les-vraies-differences-et-lequel-choisir\/","url":"https:\/\/www.chargeur-batterie.com\/blog\/2026\/07\/27\/leica-tl-vs-tl2-quelles-sont-les-vraies-differences-et-lequel-choisir\/","name":"Leica TL vs TL2 : Quelles sont les vraies diff\u00e9rences et lequel choisir ? - Chargeur Batterie Blog","isPartOf":{"@id":"https:\/\/www.chargeur-batterie.com\/blog\/#website"},"primaryImageOfPage":{"@id":"https:\/\/www.chargeur-batterie.com\/blog\/2026\/07\/27\/leica-tl-vs-tl2-quelles-sont-les-vraies-differences-et-lequel-choisir\/#primaryimage"},"image":{"@id":"https:\/\/www.chargeur-batterie.com\/blog\/2026\/07\/27\/leica-tl-vs-tl2-quelles-sont-les-vraies-differences-et-lequel-choisir\/#primaryimage"},"thumbnailUrl":"https:\/\/www.chargeur-batterie.com\/blog\/wp-content\/uploads\/2026\/07\/tl2-1024x768.jpg","datePublished":"2026-07-27T09:13:18+00:00","dateModified":"2026-07-27T09:13:19+00:00","author":{"@id":"https:\/\/www.chargeur-batterie.com\/blog\/#\/schema\/person\/5cd01f1fce8d370afa9fa6e3de64c4bb"},"breadcrumb":{"@id":"https:\/\/www.chargeur-batterie.com\/blog\/2026\/07\/27\/leica-tl-vs-tl2-quelles-sont-les-vraies-differences-et-lequel-choisir\/#breadcrumb"},"inLanguage":"en-US","potentialAction":[{"@type":"ReadAction","target":["https:\/\/www.chargeur-batterie.com\/blog\/2026\/07\/27\/leica-tl-vs-tl2-quelles-sont-les-vraies-differences-et-lequel-choisir\/"]}]},{"@type":"ImageObject","inLanguage":"en-US","@id":"https:\/\/www.chargeur-batterie.com\/blog\/2026\/07\/27\/leica-tl-vs-tl2-quelles-sont-les-vraies-differences-et-lequel-choisir\/#primaryimage","url":"https:\/\/www.chargeur-batterie.com\/blog\/wp-content\/uploads\/2026\/07\/tl2.jpg","contentUrl":"https:\/\/www.chargeur-batterie.com\/blog\/wp-content\/uploads\/2026\/07\/tl2.jpg","width":1714,"height":1286},{"@type":"BreadcrumbList","@id":"https:\/\/www.chargeur-batterie.com\/blog\/2026\/07\/27\/leica-tl-vs-tl2-quelles-sont-les-vraies-differences-et-lequel-choisir\/#breadcrumb","itemListElement":[{"@type":"ListItem","position":1,"name":"Home","item":"https:\/\/www.chargeur-batterie.com\/blog\/"},{"@type":"ListItem","position":2,"name":"Leica TL vs TL2 : Quelles sont les vraies diff\u00e9rences et lequel choisir ?"}]},{"@type":"WebSite","@id":"https:\/\/www.chargeur-batterie.com\/blog\/#website","url":"https:\/\/www.chargeur-batterie.com\/blog\/","name":"Chargeur Batterie Blog","description":"Vous pouvez choisir une vari\u00e9t\u00e9 de batteries et d\u2019adaptateurs!","potentialAction":[{"@type":"SearchAction","target":{"@type":"EntryPoint","urlTemplate":"https:\/\/www.chargeur-batterie.com\/blog\/?s={search_term_string}"},"query-input":{"@type":"PropertyValueSpecification","valueRequired":true,"valueName":"search_term_string"}}],"inLanguage":"en-US"},{"@type":"Person","@id":"https:\/\/www.chargeur-batterie.com\/blog\/#\/schema\/person\/5cd01f1fce8d370afa9fa6e3de64c4bb","name":"admin","image":{"@type":"ImageObject","inLanguage":"en-US","@id":"https:\/\/secure.gravatar.com\/avatar\/b2d18ba271bc906b5670535d59bd82d4d6bdb7247dad0305d8110e17099dfcfb?s=96&d=mm&r=g","url":"https:\/\/secure.gravatar.com\/avatar\/b2d18ba271bc906b5670535d59bd82d4d6bdb7247dad0305d8110e17099dfcfb?s=96&d=mm&r=g","contentUrl":"https:\/\/secure.gravatar.com\/avatar\/b2d18ba271bc906b5670535d59bd82d4d6bdb7247dad0305d8110e17099dfcfb?s=96&d=mm&r=g","caption":"admin"},"sameAs":["https:\/\/www.chargeur-batterie.com\/blog"],"url":"https:\/\/www.chargeur-batterie.com\/blog\/author\/admin\/"}]}},"_links":{"self":[{"href":"https:\/\/www.chargeur-batterie.com\/blog\/wp-json\/wp\/v2\/posts\/2039","targetHints":{"allow":["GET"]}}],"collection":[{"href":"https:\/\/www.chargeur-batterie.com\/blog\/wp-json\/wp\/v2\/posts"}],"about":[{"href":"https:\/\/www.chargeur-batterie.com\/blog\/wp-json\/wp\/v2\/types\/post"}],"author":[{"embeddable":true,"href":"https:\/\/www.chargeur-batterie.com\/blog\/wp-json\/wp\/v2\/users\/1"}],"replies":[{"embeddable":true,"href":"https:\/\/www.chargeur-batterie.com\/blog\/wp-json\/wp\/v2\/comments?post=2039"}],"version-history":[{"count":1,"href":"https:\/\/www.chargeur-batterie.com\/blog\/wp-json\/wp\/v2\/posts\/2039\/revisions"}],"predecessor-version":[{"id":2041,"href":"https:\/\/www.chargeur-batterie.com\/blog\/wp-json\/wp\/v2\/posts\/2039\/revisions\/2041"}],"wp:attachment":[{"href":"https:\/\/www.chargeur-batterie.com\/blog\/wp-json\/wp\/v2\/media?parent=2039"}],"wp:term":[{"taxonomy":"category","embeddable":true,"href":"https:\/\/www.chargeur-batterie.com\/blog\/wp-json\/wp\/v2\/categories?post=2039"},{"taxonomy":"post_tag","embeddable":true,"href":"https:\/\/www.chargeur-batterie.com\/blog\/wp-json\/wp\/v2\/tags?post=2039"}],"curies":[{"name":"wp","href":"https:\/\/api.w.org\/{rel}","templated":true}]}}